{"id":261,"date":"2020-07-24T13:15:00","date_gmt":"2020-07-24T13:15:00","guid":{"rendered":"https:\/\/andenweine.de\/weinguru\/?p=261"},"modified":"2021-03-12T15:05:03","modified_gmt":"2021-03-12T15:05:03","slug":"weingut-valle-de-la-puerta-ausgezeichnetes-preis-leistungs-verhaltnis-2","status":"publish","type":"post","link":"https:\/\/andenweine.de\/weinguru\/es\/weingut-valle-de-la-puerta-ausgezeichnetes-preis-leistungs-verhaltnis-2\/","title":{"rendered":"Bodega Valle de La Puerta: Excelente relaci\u00f3n precio-calidad."},"content":{"rendered":"\n<p>El Valle de la Puerta fue fundado en 1994 y en el mismo a\u00f1o comenz\u00f3 con las plantaciones de olivos y uvas. Estas plantaciones ahora cubren 150 hect\u00e1reas de vi\u00f1edos.<br>La propiedad est\u00e1 ubicada en el Valle Famatina en La Rioja, Argentina. La hermosa Sierra Famatina, un grupo de monta\u00f1as que se ramifican de la impresionante cadena andina, se extiende en la provincia de La Rioja y alcanza una impresionante altura de 6.200 mts. (20.340 pies). Su influencia en las condiciones de crecimiento de las uvas en el suelo del valle es tan profunda como la capa superior del suelo.<br>Este suelo, que ha sido arrastrado desde las monta\u00f1as a lo largo de los a\u00f1os, ha llenado el lecho del valle y ha elevado los vi\u00f1edos a 1000 metros. (3280 pies) sobre el nivel del mar.<br>Estas hermosas monta\u00f1as nevadas no s\u00f3lo proporcionaron un gran tel\u00f3n de fondo visual para los desarrollos inmobiliarios, sino que tambi\u00e9n contribuyeron a la zona con una capa superior de suelo bien drenada y una hermosa agua. Todos estos factores crean el ambiente perfecto para un microclima que proporciona excelentes condiciones de maduraci\u00f3n para nuestras finas uvas rojas y blancas. D\u00edas c\u00e1lidos, noches secas y fr\u00edas y una topograf\u00eda des\u00e9rtica son parte de estas cualidades ambientales.<br>Entre los maravillosos vinos de calidad producidos por esta bodega, el Torrontes, Bonarda y Cuv\u00e9e son simplemente excepcionales.<br>Hoy en d\u00eda esta bodega produce 2,2 millones de litros de vino al a\u00f1o.<\/p>\n","protected":false},"excerpt":{"rendered":"<p>El Valle de la Puerta fue fundado en 1994 y en el mismo a\u00f1o comenz\u00f3 con las plantaciones de olivos y uvas. Estas plantaciones ahora cubren 150 hect\u00e1reas de vi\u00f1edos.La propiedad est\u00e1 ubicada en el Valle Famatina en La Rioja, Argentina. La hermosa Sierra Famatina, un grupo de monta\u00f1as que se ramifican de la impresionante [&hellip;]<\/p>\n","protected":false},"author":2,"featured_media":116,"comment_status":"closed","ping_status":"open","sticky":false,"template":"","format":"standard","meta":{"_et_pb_use_builder":"off","_et_pb_old_content":"","_et_gb_content_width":"1080"},"categories":[23],"tags":[],"_links":{"self":[{"href":"https:\/\/andenweine.de\/weinguru\/es\/wp-json\/wp\/v2\/posts\/261"}],"collection":[{"href":"https:\/\/andenweine.de\/weinguru\/es\/wp-json\/wp\/v2\/posts"}],"about":[{"href":"https:\/\/andenweine.de\/weinguru\/es\/wp-json\/wp\/v2\/types\/post"}],"author":[{"embeddable":true,"href":"https:\/\/andenweine.de\/weinguru\/es\/wp-json\/wp\/v2\/users\/2"}],"replies":[{"embeddable":true,"href":"https:\/\/andenweine.de\/weinguru\/es\/wp-json\/wp\/v2\/comments?post=261"}],"version-history":[{"count":3,"href":"https:\/\/andenweine.de\/weinguru\/es\/wp-json\/wp\/v2\/posts\/261\/revisions"}],"predecessor-version":[{"id":264,"href":"https:\/\/andenweine.de\/weinguru\/es\/wp-json\/wp\/v2\/posts\/261\/revisions\/264"}],"wp:featuredmedia":[{"embeddable":true,"href":"https:\/\/andenweine.de\/weinguru\/es\/wp-json\/wp\/v2\/media\/116"}],"wp:attachment":[{"href":"https:\/\/andenweine.de\/weinguru\/es\/wp-json\/wp\/v2\/media?parent=261"}],"wp:term":[{"taxonomy":"category","embeddable":true,"href":"https:\/\/andenweine.de\/weinguru\/es\/wp-json\/wp\/v2\/categories?post=261"},{"taxonomy":"post_tag","embeddable":true,"href":"https:\/\/andenweine.de\/weinguru\/es\/wp-json\/wp\/v2\/tags?post=261"}],"curies":[{"name":"wp","href":"https:\/\/api.w.org\/{rel}","templated":true}]}}